{"id":4250,"date":"2025-11-13T16:04:22","date_gmt":"2025-11-13T14:04:22","guid":{"rendered":"https:\/\/www.terres-et-chevaux.fr\/WP\/?p=4250"},"modified":"2025-11-13T16:06:01","modified_gmt":"2025-11-13T14:06:01","slug":"comment-respecter-les-besoins-naturels-du-cheval-a-lecurie","status":"publish","type":"post","link":"https:\/\/www.terres-et-chevaux.fr\/WP\/comment-respecter-les-besoins-naturels-du-cheval-a-lecurie\/","title":{"rendered":"Comment respecter les besoins naturels du cheval \u00e0 l&#8217;\u00e9curie ?"},"content":{"rendered":"\n<p style=\"margin-bottom:var(--wp--preset--spacing--70)\">Vous observez votre cheval tourner en rond dans son box, tiquer \u00e0 l&#8217;appui ou adopter des comportements qui vous inqui\u00e8tent ? Ces signaux r\u00e9v\u00e8lent souvent un <strong>d\u00e9calage entre ses besoins naturels et ses conditions de vie<\/strong> actuelles. En comprenant ce dont votre cheval a r\u00e9ellement besoin pour s&#8217;\u00e9panouir, vous pouvez transformer son quotidien et am\u00e9liorer son bien-\u00eatre. <\/p>\n\n\n\n<h4 class=\"wp-block-heading\">Le budget-temps du cheval : une r\u00e9f\u00e9rence scientifique essentielle<\/h4>\n\n\n\n<p style=\"margin-bottom:var(--wp--preset--spacing--40)\">Les \u00e9tudes \u00e9thologiques men\u00e9es sur les chevaux vivant en libert\u00e9 ont permis d&#8217;\u00e9tablir leur &#8220;budget-temps naturel&#8221;, c&#8217;est-\u00e0-dire la r\u00e9partition de leurs activit\u00e9s sur 24 heures. Ces recherches constituent aujourd&#8217;hui une <strong>r\u00e9f\u00e9rence pour \u00e9valuer la qualit\u00e9 de vie des chevaux domestiques<\/strong>.<\/p>\n\n\n\n<p style=\"margin-bottom:var(--wp--preset--spacing--20)\">Dans son environnement naturel, le cheval consacre : <\/p>\n\n\n\n<ul class=\"wp-block-list\">\n<li>&nbsp;<strong>60 \u00e0 80% de son temps \u00e0 s&#8217;alimenter<\/strong>&nbsp;tout en se d\u00e9pla\u00e7ant en groupe,&nbsp;<\/li>\n\n\n\n<li><strong>20 \u00e0 30% \u00e0 se reposer<\/strong>,&nbsp;<\/li>\n\n\n\n<li><strong>4 \u00e0 8% \u00e0 se d\u00e9placer<\/strong>&nbsp;(jusqu&#8217;\u00e0 30 km par jour), <\/li>\n\n\n\n<li>et&nbsp;<strong>4 \u00e0 8% \u00e0 surveiller son environnement<\/strong>. <\/li>\n\n\n\n<li>Le reste du temps est d\u00e9di\u00e9 aux interactions sociales, aux roulades et autres activit\u00e9s.<\/li>\n<\/ul>\n\n\n\n<p>Le constat est frappant : <strong>le budget-temps des chevaux domestiques peut \u00eatre totalement invers\u00e9<\/strong> selon leur mode d&#8217;h\u00e9bergement, faisant m\u00eame appara\u00eetre de nouveaux comportements comme l&#8217;immobilit\u00e9 prolong\u00e9e, o\u00f9 le cheval reste \u00e9veill\u00e9 mais totalement inactif, insensible aux stimuli ext\u00e9rieur, et adopte une posture prostr\u00e9e. Ces modifications comportementales sont des <strong>indicateurs de mal-\u00eatre<\/strong> qu&#8217;il est essentiel de reconna\u00eetre.<\/p>\n\n\n\n<figure class=\"wp-block-image size-large\"><img decoding=\"async\" src=\"https:\/\/www.test1wp.guma7544.odns.fr\/wp-content\/uploads\/2025\/09\/fabien-maurin-N40b6uU9-qo-unsplash-683x1024.jpg\" alt=\"fabien maurin n40b6uu9 qo unsplash\" class=\"wp-image-1353\"\/><figcaption class=\"wp-element-caption\">Photo de <a href=\"https:\/\/unsplash.com\/fr\/@fabienmaurin?utm_source=unsplash&amp;utm_medium=referral&amp;utm_content=creditCopyText\">Fabien Maurin<\/a> sur <a href=\"https:\/\/unsplash.com\/fr\/photos\/chevaux-broutant-dans-un-champ-N40b6uU9-qo?utm_source=unsplash&amp;utm_medium=referral&amp;utm_content=creditCopyText\">Unsplash<\/a><\/figcaption><\/figure>\n\n\n\n<h4 class=\"wp-block-heading\">Les &#8220;3F&#8221; : trois besoins fondamentaux \u00e0 respecter<\/h4>\n\n\n\n<h5 class=\"wp-block-heading\">1. &#8220;Forage&#8221; : Une alimentation qui respecte la physiologie \u00e9quine<\/h5>\n\n\n\n<p>Le syst\u00e8me digestif du cheval est con\u00e7u pour une alimentation quasi-continue et riche en fibres. Les recommandations techniques de l&#8217;IFCE et des experts v\u00e9t\u00e9rinaires sont claires : votre cheval doit avoir acc\u00e8s \u00e0 du fourrage pendant&nbsp;<strong>au moins 12 \u00e0 16 heures par jour<\/strong>, id\u00e9alement en continu.<a href=\"https:\/\/www.ifce.fr\/document\/le-bien-etre-du-cheval-de-lhebergement-a-lequitation\/\" target=\"_blank\" rel=\"noreferrer noopener\"><\/a>\u200b<\/p>\n\n\n\n<p>Cette alimentation doit s&#8217;accompagner d&#8217;un&nbsp;<strong>acc\u00e8s permanent \u00e0 de l&#8217;eau potable<\/strong>. Le non-respect de ces besoins entra\u00eene non seulement des troubles digestifs (coliques, ulc\u00e8res) ainsi que des douleurs associ\u00e9es, mais \u00e9galement des comportements st\u00e9r\u00e9otyp\u00e9s li\u00e9s \u00e0 la frustration. <\/p>\n\n\n\n<figure class=\"wp-block-image size-large\"><img decoding=\"async\" src=\"https:\/\/www.test1wp.guma7544.odns.fr\/wp-content\/uploads\/2025\/09\/hayleigh-b-enbnibIofcU-unsplash-1024x683.jpg\" alt=\"hayleigh b enbnibiofcu unsplash\" class=\"wp-image-1354\"\/><figcaption class=\"wp-element-caption\">Photo de <a href=\"https:\/\/unsplash.com\/fr\/@hay_leighb?utm_source=unsplash&amp;utm_medium=referral&amp;utm_content=creditCopyText\">hayleigh b<\/a> sur <a href=\"https:\/\/unsplash.com\/fr\/photos\/un-couple-de-chevaux-mange-du-foin-enbnibIofcU?utm_source=unsplash&amp;utm_medium=referral&amp;utm_content=creditCopyText\">Unsplash<\/a><\/figcaption><\/figure>\n\n\n\n<h5 class=\"wp-block-heading\">2. &#8220;freedom&#8221; : Le mouvement et l&#8217;espace de vie<\/h5>\n\n\n\n<p><strong>Le cheval est fait pour bouger.<\/strong> Dans la nature, il parcourt quotidiennement plusieurs dizaines de kilom\u00e8tres, principalement au pas pendant qu&#8217;il s&#8217;alimente. L&#8217;h\u00e9bergement en box, s&#8217;il n&#8217;est pas compens\u00e9 par des sorties libres quotidiennes, limite drastiquement cette libert\u00e9 de mouvement, essentielle au fonctionnement de son m\u00e9tabolisme et aussi \u00e0 son moral. <\/p>\n\n\n\n<p>Votre installation doit permettre au cheval de&nbsp;<strong>se d\u00e9placer librement<\/strong>, de pouvoir se coucher et se rouler confortablement, et de disposer d&#8217;un espace s\u00e9curis\u00e9 pour le repos. <\/p>\n\n\n\n<figure class=\"wp-block-image size-large\"><img decoding=\"async\" src=\"https:\/\/www.test1wp.guma7544.odns.fr\/wp-content\/uploads\/2025\/09\/chip-vincent-Qg2z4P5ntGI-unsplash-1024x659.jpg\" alt=\"chip vincent qg2z4p5ntgi unsplash\" class=\"wp-image-1355\"\/><figcaption class=\"wp-element-caption\">Photo de <a href=\"https:\/\/unsplash.com\/fr\/@vcentx?utm_source=unsplash&amp;utm_medium=referral&amp;utm_content=creditCopyText\">Chip Vincent<\/a> sur <a href=\"https:\/\/unsplash.com\/fr\/photos\/chevaux-marchant-sur-le-sable-Qg2z4P5ntGI?utm_source=unsplash&amp;utm_medium=referral&amp;utm_content=creditCopyText\">Unsplash<\/a><\/figcaption><\/figure>\n\n\n\n<h5 class=\"wp-block-heading\">3. &#8220;friends&#8221; : Les contacts sociaux indispensables<\/h5>\n\n\n\n<p>Animal <strong>gr\u00e9gaire<\/strong> par nature, le cheval a un besoin vital de <strong>contacts avec ses cong\u00e9n\u00e8res<\/strong> : olfactifs, visuels, et tactiles comme le toilettage mutuel (<em>grooming<\/em>). L&#8217;isolement social g\u00e9n\u00e8re stress et anxi\u00e9t\u00e9 qui se traduisent par des comportements anormaux.<a href=\"https:\/\/www.ifce.fr\/document\/le-bien-etre-du-cheval-de-lhebergement-a-lequitation\/\" target=\"_blank\" rel=\"noreferrer noopener\"><\/a>\u200b<\/p>\n\n\n\n<p>M\u00eame en h\u00e9bergement individuel, il est possible de favoriser ces interactions : boxes avec des s\u00e9parations plus basses, fa\u00e7ades permettant les contacts entre voisins, ouvertures vers l&#8217;ext\u00e9rieur, sorties quotidiennes en groupe&#8230; Des propri\u00e9taires t\u00e9moignent que le simple passage au pr\u00e9 int\u00e9gral ou l&#8217;ajout d&#8217;un compagnon a fait dispara\u00eetre l&#8217;agressivit\u00e9 et apport\u00e9 un r\u00e9el apaisement \u00e0 leurs chevaux.<\/p>\n\n\n\n<figure class=\"wp-block-image size-large\"><img decoding=\"async\" src=\"https:\/\/www.test1wp.guma7544.odns.fr\/wp-content\/uploads\/2025\/09\/tamas-tuzes-katai-VLgCfG40Reg-unsplash-819x1024.jpg\" alt=\"tamas tuzes katai vlgcfg40reg unsplash\" class=\"wp-image-1357\"\/><figcaption class=\"wp-element-caption\">Photo de <a href=\"https:\/\/unsplash.com\/fr\/@tamas_tuzeskatai?utm_source=unsplash&amp;utm_medium=referral&amp;utm_content=creditCopyText\">Tamas Tuzes-Katai<\/a> sur <a href=\"https:\/\/unsplash.com\/fr\/photos\/cheval-blanc-et-brun-pendant-la-journee-VLgCfG40Reg?utm_source=unsplash&amp;utm_medium=referral&amp;utm_content=creditCopyText\">Unsplash<\/a><\/figcaption><\/figure>\n\n\n\n<h4 class=\"wp-block-heading\"><a href=\"https:\/\/grandprix.info\/fr\/41496\/Concilier-le-logement-et-le-bienetre-de-son-cheval\/\" target=\"_blank\" rel=\"noreferrer noopener\"><\/a>\u200bLe repos couch\u00e9 : un besoin vital trop souvent n\u00e9glig\u00e9<\/h4>\n\n\n\n<p>Les recherches men\u00e9es par&nbsp;L\u00e9a Lansade, ing\u00e9nieure de recherche \u00e0 l&#8217;INRAE et l&#8217;IFCE, ont mis en \u00e9vidence un besoin fondamental souvent m\u00e9connu : <strong>le sommeil paradoxal<\/strong>. Les chevaux adultes consacrent&nbsp;<strong>7 \u00e0 9 heures par jour \u00e0 dormir<\/strong>, avec un sommeil r\u00e9parti en plusieurs courtes phases au cours des 24 heures.<a href=\"https:\/\/studforlife.com\/fr\/actualite\/Les-chevaux-parlent-il-suffit-de-les-observer-L%C3%A9a-Lansade\/\" target=\"_blank\" rel=\"noreferrer noopener\"><\/a>\u200b<\/p>\n\n\n\n<p>Parmi ces phases de repos, le sommeil paradoxal repr\u00e9sente&nbsp;moins d&#8217;une heure par jour, mais son importance est <strong>cruciale<\/strong>. Cette phase de sommeil profond, durant laquelle le cheval r\u00eave et consolide ses apprentissages, ne peut se produire qu&#8217;<strong>en d\u00e9cubitus lat\u00e9ral<\/strong>, c&#8217;est-\u00e0-dire lorsque le cheval est compl\u00e8tement couch\u00e9 sur le c\u00f4t\u00e9.<a href=\"https:\/\/chaire-bea.vetagro-sup.fr\/le-cheval-na-pas-besoin-de-se-coucher-pour-se-reposer-vrai-ou-faux\/\" target=\"_blank\" rel=\"noreferrer noopener\"><\/a>\u200b<\/p>\n\n\n\n<p>Le probl\u00e8me ? <strong>Les chevaux ne s&#8217;allongent que lorsqu&#8217;ils se sentent en<\/strong>&nbsp;<strong>parfaite s\u00e9curit\u00e9<\/strong>&nbsp;dans leur environnement. Un sol inconfortable, un espace trop restreint, l&#8217;absence de cong\u00e9n\u00e8res pour monter la garde, ou un environnement stressant peuvent emp\u00eacher le cheval de se coucher. <a href=\"https:\/\/www.lescomplices-moirans.fr\/Ethogramme.html\" target=\"_blank\" rel=\"noreferrer noopener\"><\/a>\u200b<\/p>\n\n\n\n<figure class=\"wp-block-image size-large\"><img decoding=\"async\" src=\"https:\/\/www.test1wp.guma7544.odns.fr\/wp-content\/uploads\/2025\/09\/chiara-david-a-Qs0LAqDQw-unsplash-1024x680.jpg\" alt=\"chiara david a qs0laqdqw unsplash\" class=\"wp-image-1358\"\/><figcaption class=\"wp-element-caption\">Photo de <a href=\"https:\/\/unsplash.com\/fr\/@fundress84?utm_source=unsplash&amp;utm_medium=referral&amp;utm_content=creditCopyText\">Chiara David<\/a> sur <a href=\"https:\/\/unsplash.com\/fr\/photos\/gros-plan-dun-cheval-allonge-sur-le-sol-a-Qs0LAqDQw?utm_source=unsplash&amp;utm_medium=referral&amp;utm_content=creditCopyText\">Unsplash<\/a><\/figcaption><\/figure>\n\n\n\n<p><strong>Les cons\u00e9quences d&#8217;une privation de sommeil paradoxal sont graves<\/strong> : les \u00e9tudes de L\u00e9a Lansade montrent qu&#8217;apr\u00e8s une p\u00e9riode de privation, on observe un&nbsp;&#8220;effet rebond&#8221;&nbsp;o\u00f9 le cheval cherche \u00e0 compenser ce manque. \u00c0 long terme, cette privation chronique contribue aux troubles du comportement, \u00e0 la d\u00e9gradation des capacit\u00e9s cognitives, et \u00e0 l&#8217;apparition de syndromes d\u00e9pressifs comme l&#8217;apathie.<a href=\"https:\/\/studforlife.com\/fr\/actualite\/Les-chevaux-parlent-il-suffit-de-les-observer-L%C3%A9a-Lansade\/\" target=\"_blank\" rel=\"noreferrer noopener\"><\/a>\u200b<\/p>\n\n\n\n<p>Votre h\u00e9bergement doit donc permettre au cheval de se coucher confortablement et en toute s\u00e9curit\u00e9 : un <strong>sol adapt\u00e9<\/strong> avec une <strong>liti\u00e8re confortable<\/strong>, un <strong>espace suffisant<\/strong> pour s&#8217;allonger compl\u00e8tement, et id\u00e9alement la pr\u00e9sence rassurante de cong\u00e9n\u00e8res \u00e0 proximit\u00e9. Observer r\u00e9guli\u00e8rement si vos chevaux se couchent est un&nbsp;<strong>indicateur-cl\u00e9 de leur bien-\u00eatre<\/strong>&nbsp;qu&#8217;il ne faut pas n\u00e9gliger. <\/p>\n\n\n\n<h4 class=\"wp-block-heading\" id=\"adapter-lhbergement-sans-tout-rvolutionner\">Adapter l&#8217;h\u00e9bergement sans tout r\u00e9volutionner<\/h4>\n\n\n\n<p>La bonne nouvelle ? Il n&#8217;est pas n\u00e9cessaire de tout transformer du jour au lendemain. M\u00eame de petits ajustements peuvent consid\u00e9rablement am\u00e9liorer le bien-\u00eatre de votre cheval : <\/p>\n\n\n\n<ul class=\"wp-block-list\">\n<li>Augmenter progressivement le <strong>temps de p\u00e2turage<\/strong>, <\/li>\n\n\n\n<li>Installer un <strong>filet \u00e0 foin<\/strong> pour ralentir l&#8217;ingestion, <\/li>\n\n\n\n<li>Cr\u00e9er des <strong>ouvertures entre boxes<\/strong>, <\/li>\n\n\n\n<li>Constituer des <strong>groupes stables<\/strong> par affinit\u00e9s&#8230; <a href=\"https:\/\/grandprix.info\/fr\/41496\/Concilier-le-logement-et-le-bienetre-de-son-cheval\/\" target=\"_blank\" rel=\"noreferrer noopener\"><\/a>\u200b<\/li>\n<\/ul>\n\n\n\n<p>L&#8217;essentiel est de chercher \u00e0 rapprocher au maximum le budget-temps de votre cheval de celui qu&#8217;il aurait naturellement, tout en tenant compte de vos contraintes de gestion. <\/p>\n\n\n\n<figure class=\"wp-block-image size-large\"><img decoding=\"async\" src=\"https:\/\/www.test1wp.guma7544.odns.fr\/wp-content\/uploads\/2025\/09\/ron-smith-UoIb8SwU9RY-unsplash-1024x604.jpg\" alt=\"ron smith uoib8swu9ry unsplash\" class=\"wp-image-1359\"\/><figcaption class=\"wp-element-caption\">Photo de <a href=\"https:\/\/unsplash.com\/fr\/@wretch?utm_source=unsplash&amp;utm_medium=referral&amp;utm_content=creditCopyText\">Ron Smith<\/a> sur <a href=\"https:\/\/unsplash.com\/fr\/photos\/un-cheval-debout-dans-un-champ-avec-dautres-animaux-UoIb8SwU9RY?utm_source=unsplash&amp;utm_medium=referral&amp;utm_content=creditCopyText\">Unsplash<\/a><\/figcaption><\/figure>\n\n\n\n<h4 class=\"wp-block-heading\" id=\"terres-et-chevaux-vous-accompagne-dans-cette-dmarc\">Terres et Chevaux vous accompagne dans cette d\u00e9marche<\/h4>\n\n\n\n<p>Chez TERRES ET CHEVAUX, nous comprenons que chaque situation est unique, et que respecter les besoins naturels du cheval tout en maintenant une organisation viable, demande de l&#8217;<strong>expertise<\/strong> et un <strong>accompagnement personnalis\u00e9<\/strong>. <a href=\"https:\/\/equipedia.ifce.fr\/infrastructure-et-equipement\/installation-et-environnement\/batiments\/logement-du-cheval-et-bien-etre\" target=\"_blank\" rel=\"noreferrer noopener\"><\/a>\u200b<\/p>\n\n\n\n<p>Que vous envisagiez un projet d&#8217;installation, une r\u00e9novation de vos infrastructures existantes, ou simplement une optimisation de vos pratiques quotidiennes, nos <strong>conseils techniques<\/strong> s&#8217;appuient sur ces <strong>donn\u00e9es scientifiques et \u00e9thologiques<\/strong> pour concevoir avec vous des solutions d&#8217;h\u00e9bergement qui placent le bien-\u00eatre \u00e9quin au c\u0153ur de votre projet. <a href=\"https:\/\/productions-animales.org\/article\/view\/7928\" target=\"_blank\" rel=\"noreferrer noopener\"><\/a>\u200b<\/p>\n\n\n\n<blockquote class=\"wp-block-quote is-layout-flow wp-block-quote-is-layout-flow\" style=\"padding-top:0;padding-bottom:0\">\n<p class=\"has-ast-global-color-0-color has-text-color has-link-color wp-elements-058c5485411904d297d35afeef6f5666\"><em><strong>Parce qu&#8217;un cheval qui vit en harmonie avec ses besoins naturels est un cheval plus serein, plus sain et plus performant, investir dans un h\u00e9bergement adapt\u00e9 n&#8217;est pas un luxe : c&#8217;est une n\u00e9cessit\u00e9.<a href=\"https:\/\/grandprix.info\/fr\/41496\/Concilier-le-logement-et-le-bienetre-de-son-cheval\/\" target=\"_blank\" rel=\"noreferrer noopener\"><\/a>\u200b<\/strong><\/em><\/p>\n<\/blockquote>\n\n\n\n<p><strong>Vous souhaitez \u00e9valuer les conditions de vie actuelles de vos chevaux ou concevoir un projet d&#8217;h\u00e9bergement respectueux de leur nature ? <a href=\"mailto:contact@terres-et-chevaux.fr\" data-type=\"mailto\" data-id=\"mailto:contact@terres-et-chevaux.fr\">Contactez-nous<\/a> pour un diagnostic personnalis\u00e9 de votre structure.<\/strong><\/p>\n\n\n\n<hr class=\"wp-block-separator has-alpha-channel-opacity\"\/>\n\n\n\n<p><strong>R\u00e9f\u00e9rences scientifiques et techniques :<\/strong><\/p>\n\n\n\n<ul class=\"wp-block-list\">\n<li>Institut Fran\u00e7ais du Cheval et de l&#8217;\u00c9quitation (IFCE) &#8211; Equip\u00e9dia<\/li>\n\n\n\n<li>\u00c9tudes \u00e9thologiques sur le budget-temps du cheval (Sondergaard et al., 2004)<\/li>\n\n\n\n<li>R\u00e9seau REFErences &#8211; Terminologie et enqu\u00eate b\u00e2timents \u00e9quins<\/li>\n\n\n\n<li>Recherches en \u00e9thologie \u00e9quine sur les comportements naturels<\/li>\n<\/ul>\n","protected":false},"excerpt":{"rendered":"<p>Vous observez votre cheval tourner en rond dans son box, tiquer \u00e0 l&#8217;appui ou adopter des comportements qui vous inqui\u00e8tent ? Ces signaux r\u00e9v\u00e8lent souvent un d\u00e9calage entre ses besoins naturels et ses conditions de vie actuelles. En comprenant ce dont votre cheval a r\u00e9ellement besoin pour s&#8217;\u00e9panouir, vous pouvez transformer son quotidien et am\u00e9liorer son bien-\u00eatre.<\/p>\n","protected":false},"author":1,"featured_media":4251,"comment_status":"open","ping_status":"open","sticky":false,"template":"","format":"standard","meta":{"neve_meta_sidebar":"","neve_meta_container":"","neve_meta_enable_content_width":"","neve_meta_content_width":0,"neve_meta_title_alignment":"","neve_meta_author_avatar":"","neve_post_elements_order":"","neve_meta_disable_header":"","neve_meta_disable_footer":"","neve_meta_disable_title":"","neve_meta_reading_time":"","_price":"","_stock":"","_tribe_ticket_header":"","_tribe_default_ticket_provider":"","_tribe_ticket_capacity":"","_ticket_start_date":"","_ticket_end_date":"","_tribe_ticket_show_description":"","_tribe_ticket_show_not_going":false,"_tribe_ticket_use_global_stock":"","_tribe_ticket_global_stock_level":"","_global_stock_mode":"","_global_stock_cap":"","_tribe_rsvp_for_event":"","_tribe_ticket_going_count":"","_tribe_ticket_not_going_count":"","_tribe_tickets_list":"[]","_tribe_ticket_has_attendee_info_fields":false,"footnotes":""},"categories":[102],"tags":[98,96,97,101,99,100],"class_list":["post-4250","post","type-post","status-publish","format-standard","has-post-thumbnail","hentry","category-bien-etre-equin","tag-3f","tag-bien-etre-equin","tag-ecurie","tag-forage","tag-freedom","tag-friends"],"_links":{"self":[{"href":"https:\/\/www.terres-et-chevaux.fr\/WP\/wp-json\/wp\/v2\/posts\/4250","targetHints":{"allow":["GET"]}}],"collection":[{"href":"https:\/\/www.terres-et-chevaux.fr\/WP\/wp-json\/wp\/v2\/posts"}],"about":[{"href":"https:\/\/www.terres-et-chevaux.fr\/WP\/wp-json\/wp\/v2\/types\/post"}],"author":[{"embeddable":true,"href":"https:\/\/www.terres-et-chevaux.fr\/WP\/wp-json\/wp\/v2\/users\/1"}],"replies":[{"embeddable":true,"href":"https:\/\/www.terres-et-chevaux.fr\/WP\/wp-json\/wp\/v2\/comments?post=4250"}],"version-history":[{"count":2,"href":"https:\/\/www.terres-et-chevaux.fr\/WP\/wp-json\/wp\/v2\/posts\/4250\/revisions"}],"predecessor-version":[{"id":4253,"href":"https:\/\/www.terres-et-chevaux.fr\/WP\/wp-json\/wp\/v2\/posts\/4250\/revisions\/4253"}],"wp:featuredmedia":[{"embeddable":true,"href":"https:\/\/www.terres-et-chevaux.fr\/WP\/wp-json\/wp\/v2\/media\/4251"}],"wp:attachment":[{"href":"https:\/\/www.terres-et-chevaux.fr\/WP\/wp-json\/wp\/v2\/media?parent=4250"}],"wp:term":[{"taxonomy":"category","embeddable":true,"href":"https:\/\/www.terres-et-chevaux.fr\/WP\/wp-json\/wp\/v2\/categories?post=4250"},{"taxonomy":"post_tag","embeddable":true,"href":"https:\/\/www.terres-et-chevaux.fr\/WP\/wp-json\/wp\/v2\/tags?post=4250"}],"curies":[{"name":"wp","href":"https:\/\/api.w.org\/{rel}","templated":true}]}}